{"id":14655,"date":"2026-04-22T20:25:00","date_gmt":"2026-04-22T20:25:00","guid":{"rendered":"https:\/\/zss1.szczecin.pl\/?p=14655"},"modified":"2026-04-22T20:25:00","modified_gmt":"2026-04-22T20:25:00","slug":"dzien-ziemi-2026","status":"publish","type":"post","link":"https:\/\/zss1.szczecin.pl\/?p=14655","title":{"rendered":"Dzie\u0144 Ziemi 2026"},"content":{"rendered":"<p>22 kwietnia \u2013 Dzie\u0144 Ziemi !!!<\/p>\n<p>Z tej okazji w ogrodzie szkolnym zorganizowali\u015bmy warsztaty ekologiczno-ogrodnicze, podczas kt\u00f3rych postanowili\u015bmy zrobi\u0107 naszej planecie wyj\u0105tkowy prezent, \u0142\u0105cz\u0105c nauk\u0119 z dzia\u0142aniami praktycznymi.<\/p>\n<p>Na pocz\u0105tku uczniowie utrwalili nawyki ekologiczne \u2013 przypomnieli\u015bmy, jak dba\u0107 o \u015brodowisko, dlaczego wa\u017cna jest segregacja odpad\u00f3w, oszcz\u0119dzanie wody oraz troska o ro\u015bliny i zwierz\u0119ta. Nast\u0119pnie przyst\u0105pili\u015bmy do dzia\u0142a\u0144 praktycznych. Uczniowie, z pomoc\u0105 nauczycieli, z du\u017cym zaanga\u017cowaniem przygotowywali teren: grabili ziemi\u0119, wysiewali nasiona i sadzili ro\u015bliny. W ten spos\u00f3b rozpocz\u0119li\u015bmy tworzenie \u0142\u0105ki kwietnej.<\/p>\n<p>\u0141\u0105ka kwietna jest bardzo wa\u017cna dla przyrody \u2013 zapewnia schronienie i pokarm pszczo\u0142om, motylom oraz innym owadom zapylaj\u0105cym, kt\u00f3re wspieraj\u0105 wzrost ro\u015blin. Dzi\u0119ki nim przyroda staje si\u0119 zdrowsza, bogatsza i bardziej r\u00f3\u017cnorodna.<\/p>\n<p>Ogr\u00f3d szkolny to dla nas wyj\u0105tkowe miejsce \u2013 przestrze\u0144, w kt\u00f3rej uczymy si\u0119 troski o przyrod\u0119 w praktyce, wyciszamy si\u0119, obserwujemy zmiany w naturze i widzimy, jak z ma\u0142ego nasionka powstaje co\u015b pi\u0119knego. To tak\u017ce miejsce wsp\u00f3\u0142pracy, rado\u015bci, wsp\u00f3lnego dzia\u0142ania oraz odpoczynku.<\/p>\n<!-- default-view.php -->\n<div\n\tclass=\"ngg-galleryoverview default-view \"\n\tid=\"ngg-gallery-c3044db0fd6031c3b43d34272fe5bf14-1\">\n\n\t\t<!-- Thumbnails -->\n\t\t\t\t<div id=\"ngg-image-0\" class=\"ngg-gallery-thumbnail-box \" >\n\t\t\t\t        <div class=\"ngg-gallery-thumbnail\">\n            <a href=\"https:\/\/zss1.szczecin.pl\/wp-content\/gallery\/dzien-ziemi-2026\/674277945_960004349755968_8994284455026844179_n.jpg\"\n               title=\"\"\n               data-src=\"https:\/\/zss1.szczecin.pl\/wp-content\/gallery\/dzien-ziemi-2026\/674277945_960004349755968_8994284455026844179_n.jpg\"\n               data-thumbnail=\"https:\/\/zss1.szczecin.pl\/wp-content\/gallery\/dzien-ziemi-2026\/thumbs\/thumbs_674277945_960004349755968_8994284455026844179_n.jpg\"\n               data-image-id=\"8477\"\n               data-title=\"674277945_960004349755968_8994284455026844179_n\"\n               data-description=\"\"\n               data-image-slug=\"674277945_960004349755968_8994284455026844179_n\"\n               class=\"ngg-simplelightbox\" rel=\"c3044db0fd6031c3b43d34272fe5bf14\">\n                <img\n                    title=\"674277945_960004349755968_8994284455026844179_n\"\n                    alt=\"674277945_960004349755968_8994284455026844179_n\"\n                    src=\"https:\/\/zss1.szczecin.pl\/wp-content\/gallery\/dzien-ziemi-2026\/thumbs\/thumbs_674277945_960004349755968_8994284455026844179_n.jpg\"\n                    width=\"240\"\n                    height=\"160\"\n                    style=\"max-width:100%;\"\n                \/>\n            <\/a>\n        <\/div>\n\t\t\t\t\t\t\t<\/div> \n\t\t\t\n\t\t\t\t<div id=\"ngg-image-1\" class=\"ngg-gallery-thumbnail-box \" >\n\t\t\t\t        <div class=\"ngg-gallery-thumbnail\">\n            <a href=\"https:\/\/zss1.szczecin.pl\/wp-content\/gallery\/dzien-ziemi-2026\/674318111_960004346422635_1807918484392292240_n.jpg\"\n               title=\"\"\n               data-src=\"https:\/\/zss1.szczecin.pl\/wp-content\/gallery\/dzien-ziemi-2026\/674318111_960004346422635_1807918484392292240_n.jpg\"\n               data-thumbnail=\"https:\/\/zss1.szczecin.pl\/wp-content\/gallery\/dzien-ziemi-2026\/thumbs\/thumbs_674318111_960004346422635_1807918484392292240_n.jpg\"\n               data-image-id=\"8478\"\n               data-title=\"674318111_960004346422635_1807918484392292240_n\"\n               data-description=\"\"\n               data-image-slug=\"674318111_960004346422635_1807918484392292240_n\"\n               class=\"ngg-simplelightbox\" rel=\"c3044db0fd6031c3b43d34272fe5bf14\">\n                <img\n                    title=\"674318111_960004346422635_1807918484392292240_n\"\n                    alt=\"674318111_960004346422635_1807918484392292240_n\"\n                    src=\"https:\/\/zss1.szczecin.pl\/wp-content\/gallery\/dzien-ziemi-2026\/thumbs\/thumbs_674318111_960004346422635_1807918484392292240_n.jpg\"\n                    width=\"240\"\n                    height=\"160\"\n                    style=\"max-width:100%;\"\n                \/>\n            <\/a>\n        <\/div>\n\t\t\t\t\t\t\t<\/div> \n\t\t\t\n\t\t\t\t<div id=\"ngg-image-2\" class=\"ngg-gallery-thumbnail-box \" >\n\t\t\t\t        <div class=\"ngg-gallery-thumbnail\">\n            <a href=\"https:\/\/zss1.szczecin.pl\/wp-content\/gallery\/dzien-ziemi-2026\/673853238_960004343089302_88643241314059049_n.jpg\"\n               title=\"\"\n               data-src=\"https:\/\/zss1.szczecin.pl\/wp-content\/gallery\/dzien-ziemi-2026\/673853238_960004343089302_88643241314059049_n.jpg\"\n               data-thumbnail=\"https:\/\/zss1.szczecin.pl\/wp-content\/gallery\/dzien-ziemi-2026\/thumbs\/thumbs_673853238_960004343089302_88643241314059049_n.jpg\"\n               data-image-id=\"8479\"\n               data-title=\"673853238_960004343089302_88643241314059049_n\"\n               data-description=\"\"\n               data-image-slug=\"673853238_960004343089302_88643241314059049_n\"\n               class=\"ngg-simplelightbox\" rel=\"c3044db0fd6031c3b43d34272fe5bf14\">\n                <img\n                    title=\"673853238_960004343089302_88643241314059049_n\"\n                    alt=\"673853238_960004343089302_88643241314059049_n\"\n                    src=\"https:\/\/zss1.szczecin.pl\/wp-content\/gallery\/dzien-ziemi-2026\/thumbs\/thumbs_673853238_960004343089302_88643241314059049_n.jpg\"\n                    width=\"240\"\n                    height=\"160\"\n                    style=\"max-width:100%;\"\n                \/>\n            <\/a>\n        <\/div>\n\t\t\t\t\t\t\t<\/div> \n\t\t\t\n\t\t\t\t<div id=\"ngg-image-3\" class=\"ngg-gallery-thumbnail-box \" >\n\t\t\t\t        <div class=\"ngg-gallery-thumbnail\">\n            <a href=\"https:\/\/zss1.szczecin.pl\/wp-content\/gallery\/dzien-ziemi-2026\/673654635_960004413089295_6421524740026604889_n.jpg\"\n               title=\"\"\n               data-src=\"https:\/\/zss1.szczecin.pl\/wp-content\/gallery\/dzien-ziemi-2026\/673654635_960004413089295_6421524740026604889_n.jpg\"\n               data-thumbnail=\"https:\/\/zss1.szczecin.pl\/wp-content\/gallery\/dzien-ziemi-2026\/thumbs\/thumbs_673654635_960004413089295_6421524740026604889_n.jpg\"\n               data-image-id=\"8480\"\n               data-title=\"673654635_960004413089295_6421524740026604889_n\"\n               data-description=\"\"\n               data-image-slug=\"673654635_960004413089295_6421524740026604889_n\"\n               class=\"ngg-simplelightbox\" rel=\"c3044db0fd6031c3b43d34272fe5bf14\">\n                <img\n                    title=\"673654635_960004413089295_6421524740026604889_n\"\n                    alt=\"673654635_960004413089295_6421524740026604889_n\"\n                    src=\"https:\/\/zss1.szczecin.pl\/wp-content\/gallery\/dzien-ziemi-2026\/thumbs\/thumbs_673654635_960004413089295_6421524740026604889_n.jpg\"\n                    width=\"240\"\n                    height=\"160\"\n                    style=\"max-width:100%;\"\n                \/>\n            <\/a>\n        <\/div>\n\t\t\t\t\t\t\t<\/div> \n\t\t\t\n\t\t\t\t<div id=\"ngg-image-4\" class=\"ngg-gallery-thumbnail-box \" >\n\t\t\t\t        <div class=\"ngg-gallery-thumbnail\">\n            <a href=\"https:\/\/zss1.szczecin.pl\/wp-content\/gallery\/dzien-ziemi-2026\/673690756_960005513089185_909472995704794588_n.jpg\"\n               title=\"\"\n               data-src=\"https:\/\/zss1.szczecin.pl\/wp-content\/gallery\/dzien-ziemi-2026\/673690756_960005513089185_909472995704794588_n.jpg\"\n               data-thumbnail=\"https:\/\/zss1.szczecin.pl\/wp-content\/gallery\/dzien-ziemi-2026\/thumbs\/thumbs_673690756_960005513089185_909472995704794588_n.jpg\"\n               data-image-id=\"8481\"\n               data-title=\"673690756_960005513089185_909472995704794588_n\"\n               data-description=\"\"\n               data-image-slug=\"673690756_960005513089185_909472995704794588_n\"\n               class=\"ngg-simplelightbox\" rel=\"c3044db0fd6031c3b43d34272fe5bf14\">\n                <img\n                    title=\"673690756_960005513089185_909472995704794588_n\"\n                    alt=\"673690756_960005513089185_909472995704794588_n\"\n                    src=\"https:\/\/zss1.szczecin.pl\/wp-content\/gallery\/dzien-ziemi-2026\/thumbs\/thumbs_673690756_960005513089185_909472995704794588_n.jpg\"\n                    width=\"240\"\n                    height=\"160\"\n                    style=\"max-width:100%;\"\n                \/>\n            <\/a>\n        <\/div>\n\t\t\t\t\t\t\t<\/div> \n\t\t\t\n\t\t\t\t<div id=\"ngg-image-5\" class=\"ngg-gallery-thumbnail-box \" >\n\t\t\t\t        <div class=\"ngg-gallery-thumbnail\">\n            <a href=\"https:\/\/zss1.szczecin.pl\/wp-content\/gallery\/dzien-ziemi-2026\/674388607_960005679755835_8872636412580805965_n.jpg\"\n               title=\"\"\n               data-src=\"https:\/\/zss1.szczecin.pl\/wp-content\/gallery\/dzien-ziemi-2026\/674388607_960005679755835_8872636412580805965_n.jpg\"\n               data-thumbnail=\"https:\/\/zss1.szczecin.pl\/wp-content\/gallery\/dzien-ziemi-2026\/thumbs\/thumbs_674388607_960005679755835_8872636412580805965_n.jpg\"\n               data-image-id=\"8482\"\n               data-title=\"674388607_960005679755835_8872636412580805965_n\"\n               data-description=\"\"\n               data-image-slug=\"674388607_960005679755835_8872636412580805965_n\"\n               class=\"ngg-simplelightbox\" rel=\"c3044db0fd6031c3b43d34272fe5bf14\">\n                <img\n                    title=\"674388607_960005679755835_8872636412580805965_n\"\n                    alt=\"674388607_960005679755835_8872636412580805965_n\"\n                    src=\"https:\/\/zss1.szczecin.pl\/wp-content\/gallery\/dzien-ziemi-2026\/thumbs\/thumbs_674388607_960005679755835_8872636412580805965_n.jpg\"\n                    width=\"240\"\n                    height=\"160\"\n                    style=\"max-width:100%;\"\n                \/>\n            <\/a>\n        <\/div>\n\t\t\t\t\t\t\t<\/div> \n\t\t\t\n\t\t\t\t<div id=\"ngg-image-6\" class=\"ngg-gallery-thumbnail-box \" >\n\t\t\t\t        <div class=\"ngg-gallery-thumbnail\">\n            <a href=\"https:\/\/zss1.szczecin.pl\/wp-content\/gallery\/dzien-ziemi-2026\/675316614_960005249755878_3930333207616216651_n.jpg\"\n               title=\"\"\n               data-src=\"https:\/\/zss1.szczecin.pl\/wp-content\/gallery\/dzien-ziemi-2026\/675316614_960005249755878_3930333207616216651_n.jpg\"\n               data-thumbnail=\"https:\/\/zss1.szczecin.pl\/wp-content\/gallery\/dzien-ziemi-2026\/thumbs\/thumbs_675316614_960005249755878_3930333207616216651_n.jpg\"\n               data-image-id=\"8483\"\n               data-title=\"675316614_960005249755878_3930333207616216651_n\"\n               data-description=\"\"\n               data-image-slug=\"675316614_960005249755878_3930333207616216651_n\"\n               class=\"ngg-simplelightbox\" rel=\"c3044db0fd6031c3b43d34272fe5bf14\">\n                <img\n                    title=\"675316614_960005249755878_3930333207616216651_n\"\n                    alt=\"675316614_960005249755878_3930333207616216651_n\"\n                    src=\"https:\/\/zss1.szczecin.pl\/wp-content\/gallery\/dzien-ziemi-2026\/thumbs\/thumbs_675316614_960005249755878_3930333207616216651_n.jpg\"\n                    width=\"240\"\n                    height=\"160\"\n                    style=\"max-width:100%;\"\n                \/>\n            <\/a>\n        <\/div>\n\t\t\t\t\t\t\t<\/div> \n\t\t\t\n\t\t\t\t<div id=\"ngg-image-7\" class=\"ngg-gallery-thumbnail-box \" >\n\t\t\t\t        <div class=\"ngg-gallery-thumbnail\">\n            <a href=\"https:\/\/zss1.szczecin.pl\/wp-content\/gallery\/dzien-ziemi-2026\/675778244_960005376422532_9206657498222060646_n.jpg\"\n               title=\"\"\n               data-src=\"https:\/\/zss1.szczecin.pl\/wp-content\/gallery\/dzien-ziemi-2026\/675778244_960005376422532_9206657498222060646_n.jpg\"\n               data-thumbnail=\"https:\/\/zss1.szczecin.pl\/wp-content\/gallery\/dzien-ziemi-2026\/thumbs\/thumbs_675778244_960005376422532_9206657498222060646_n.jpg\"\n               data-image-id=\"8484\"\n               data-title=\"675778244_960005376422532_9206657498222060646_n\"\n               data-description=\"\"\n               data-image-slug=\"675778244_960005376422532_9206657498222060646_n\"\n               class=\"ngg-simplelightbox\" rel=\"c3044db0fd6031c3b43d34272fe5bf14\">\n                <img\n                    title=\"675778244_960005376422532_9206657498222060646_n\"\n                    alt=\"675778244_960005376422532_9206657498222060646_n\"\n                    src=\"https:\/\/zss1.szczecin.pl\/wp-content\/gallery\/dzien-ziemi-2026\/thumbs\/thumbs_675778244_960005376422532_9206657498222060646_n.jpg\"\n                    width=\"240\"\n                    height=\"160\"\n                    style=\"max-width:100%;\"\n                \/>\n            <\/a>\n        <\/div>\n\t\t\t\t\t\t\t<\/div> \n\t\t\t\n\t\t\t\t<div id=\"ngg-image-8\" class=\"ngg-gallery-thumbnail-box \" >\n\t\t\t\t        <div class=\"ngg-gallery-thumbnail\">\n            <a href=\"https:\/\/zss1.szczecin.pl\/wp-content\/gallery\/dzien-ziemi-2026\/675850112_960005859755817_8351907477668705359_n.jpg\"\n               title=\"\"\n               data-src=\"https:\/\/zss1.szczecin.pl\/wp-content\/gallery\/dzien-ziemi-2026\/675850112_960005859755817_8351907477668705359_n.jpg\"\n               data-thumbnail=\"https:\/\/zss1.szczecin.pl\/wp-content\/gallery\/dzien-ziemi-2026\/thumbs\/thumbs_675850112_960005859755817_8351907477668705359_n.jpg\"\n               data-image-id=\"8485\"\n               data-title=\"675850112_960005859755817_8351907477668705359_n\"\n               data-description=\"\"\n               data-image-slug=\"675850112_960005859755817_8351907477668705359_n\"\n               class=\"ngg-simplelightbox\" rel=\"c3044db0fd6031c3b43d34272fe5bf14\">\n                <img\n                    title=\"675850112_960005859755817_8351907477668705359_n\"\n                    alt=\"675850112_960005859755817_8351907477668705359_n\"\n                    src=\"https:\/\/zss1.szczecin.pl\/wp-content\/gallery\/dzien-ziemi-2026\/thumbs\/thumbs_675850112_960005859755817_8351907477668705359_n.jpg\"\n                    width=\"240\"\n                    height=\"160\"\n                    style=\"max-width:100%;\"\n                \/>\n            <\/a>\n        <\/div>\n\t\t\t\t\t\t\t<\/div> \n\t\t\t\n\t\t\t\t<div id=\"ngg-image-9\" class=\"ngg-gallery-thumbnail-box \" >\n\t\t\t\t        <div class=\"ngg-gallery-thumbnail\">\n            <a href=\"https:\/\/zss1.szczecin.pl\/wp-content\/gallery\/dzien-ziemi-2026\/675986149_960004683089268_1356555956291604435_n.jpg\"\n               title=\"\"\n               data-src=\"https:\/\/zss1.szczecin.pl\/wp-content\/gallery\/dzien-ziemi-2026\/675986149_960004683089268_1356555956291604435_n.jpg\"\n               data-thumbnail=\"https:\/\/zss1.szczecin.pl\/wp-content\/gallery\/dzien-ziemi-2026\/thumbs\/thumbs_675986149_960004683089268_1356555956291604435_n.jpg\"\n               data-image-id=\"8486\"\n               data-title=\"675986149_960004683089268_1356555956291604435_n\"\n               data-description=\"\"\n               data-image-slug=\"675986149_960004683089268_1356555956291604435_n\"\n               class=\"ngg-simplelightbox\" rel=\"c3044db0fd6031c3b43d34272fe5bf14\">\n                <img\n                    title=\"675986149_960004683089268_1356555956291604435_n\"\n                    alt=\"675986149_960004683089268_1356555956291604435_n\"\n                    src=\"https:\/\/zss1.szczecin.pl\/wp-content\/gallery\/dzien-ziemi-2026\/thumbs\/thumbs_675986149_960004683089268_1356555956291604435_n.jpg\"\n                    width=\"240\"\n                    height=\"160\"\n                    style=\"max-width:100%;\"\n                \/>\n            <\/a>\n        <\/div>\n\t\t\t\t\t\t\t<\/div> \n\t\t\t\n\t\t\t\t<div id=\"ngg-image-10\" class=\"ngg-gallery-thumbnail-box \" >\n\t\t\t\t        <div class=\"ngg-gallery-thumbnail\">\n            <a href=\"https:\/\/zss1.szczecin.pl\/wp-content\/gallery\/dzien-ziemi-2026\/676287481_960005026422567_3420360347779938903_n.jpg\"\n               title=\"\"\n               data-src=\"https:\/\/zss1.szczecin.pl\/wp-content\/gallery\/dzien-ziemi-2026\/676287481_960005026422567_3420360347779938903_n.jpg\"\n               data-thumbnail=\"https:\/\/zss1.szczecin.pl\/wp-content\/gallery\/dzien-ziemi-2026\/thumbs\/thumbs_676287481_960005026422567_3420360347779938903_n.jpg\"\n               data-image-id=\"8487\"\n               data-title=\"676287481_960005026422567_3420360347779938903_n\"\n               data-description=\"\"\n               data-image-slug=\"676287481_960005026422567_3420360347779938903_n\"\n               class=\"ngg-simplelightbox\" rel=\"c3044db0fd6031c3b43d34272fe5bf14\">\n                <img\n                    title=\"676287481_960005026422567_3420360347779938903_n\"\n                    alt=\"676287481_960005026422567_3420360347779938903_n\"\n                    src=\"https:\/\/zss1.szczecin.pl\/wp-content\/gallery\/dzien-ziemi-2026\/thumbs\/thumbs_676287481_960005026422567_3420360347779938903_n.jpg\"\n                    width=\"240\"\n                    height=\"160\"\n                    style=\"max-width:100%;\"\n                \/>\n            <\/a>\n        <\/div>\n\t\t\t\t\t\t\t<\/div> \n\t\t\t\n\t\t\t\t<div id=\"ngg-image-11\" class=\"ngg-gallery-thumbnail-box \" >\n\t\t\t\t        <div class=\"ngg-gallery-thumbnail\">\n            <a href=\"https:\/\/zss1.szczecin.pl\/wp-content\/gallery\/dzien-ziemi-2026\/676700588_960004789755924_5894088203851759557_n.jpg\"\n               title=\"\"\n               data-src=\"https:\/\/zss1.szczecin.pl\/wp-content\/gallery\/dzien-ziemi-2026\/676700588_960004789755924_5894088203851759557_n.jpg\"\n               data-thumbnail=\"https:\/\/zss1.szczecin.pl\/wp-content\/gallery\/dzien-ziemi-2026\/thumbs\/thumbs_676700588_960004789755924_5894088203851759557_n.jpg\"\n               data-image-id=\"8488\"\n               data-title=\"676700588_960004789755924_5894088203851759557_n\"\n               data-description=\"\"\n               data-image-slug=\"676700588_960004789755924_5894088203851759557_n\"\n               class=\"ngg-simplelightbox\" rel=\"c3044db0fd6031c3b43d34272fe5bf14\">\n                <img\n                    title=\"676700588_960004789755924_5894088203851759557_n\"\n                    alt=\"676700588_960004789755924_5894088203851759557_n\"\n                    src=\"https:\/\/zss1.szczecin.pl\/wp-content\/gallery\/dzien-ziemi-2026\/thumbs\/thumbs_676700588_960004789755924_5894088203851759557_n.jpg\"\n                    width=\"240\"\n                    height=\"160\"\n                    style=\"max-width:100%;\"\n                \/>\n            <\/a>\n        <\/div>\n\t\t\t\t\t\t\t<\/div> \n\t\t\t\n\t\t\t\t<div id=\"ngg-image-12\" class=\"ngg-gallery-thumbnail-box \" >\n\t\t\t\t        <div class=\"ngg-gallery-thumbnail\">\n            <a href=\"https:\/\/zss1.szczecin.pl\/wp-content\/gallery\/dzien-ziemi-2026\/676700588_960004983089238_2269145073801223883_n.jpg\"\n               title=\"\"\n               data-src=\"https:\/\/zss1.szczecin.pl\/wp-content\/gallery\/dzien-ziemi-2026\/676700588_960004983089238_2269145073801223883_n.jpg\"\n               data-thumbnail=\"https:\/\/zss1.szczecin.pl\/wp-content\/gallery\/dzien-ziemi-2026\/thumbs\/thumbs_676700588_960004983089238_2269145073801223883_n.jpg\"\n               data-image-id=\"8489\"\n               data-title=\"676700588_960004983089238_2269145073801223883_n\"\n               data-description=\"\"\n               data-image-slug=\"676700588_960004983089238_2269145073801223883_n\"\n               class=\"ngg-simplelightbox\" rel=\"c3044db0fd6031c3b43d34272fe5bf14\">\n                <img\n                    title=\"676700588_960004983089238_2269145073801223883_n\"\n                    alt=\"676700588_960004983089238_2269145073801223883_n\"\n                    src=\"https:\/\/zss1.szczecin.pl\/wp-content\/gallery\/dzien-ziemi-2026\/thumbs\/thumbs_676700588_960004983089238_2269145073801223883_n.jpg\"\n                    width=\"240\"\n                    height=\"160\"\n                    style=\"max-width:100%;\"\n                \/>\n            <\/a>\n        <\/div>\n\t\t\t\t\t\t\t<\/div> \n\t\t\t\n\t\t\t\t<div id=\"ngg-image-13\" class=\"ngg-gallery-thumbnail-box \" >\n\t\t\t\t        <div class=\"ngg-gallery-thumbnail\">\n            <a href=\"https:\/\/zss1.szczecin.pl\/wp-content\/gallery\/dzien-ziemi-2026\/677207561_960005119755891_5459979075459623105_n.jpg\"\n               title=\"\"\n               data-src=\"https:\/\/zss1.szczecin.pl\/wp-content\/gallery\/dzien-ziemi-2026\/677207561_960005119755891_5459979075459623105_n.jpg\"\n               data-thumbnail=\"https:\/\/zss1.szczecin.pl\/wp-content\/gallery\/dzien-ziemi-2026\/thumbs\/thumbs_677207561_960005119755891_5459979075459623105_n.jpg\"\n               data-image-id=\"8490\"\n               data-title=\"677207561_960005119755891_5459979075459623105_n\"\n               data-description=\"\"\n               data-image-slug=\"677207561_960005119755891_5459979075459623105_n\"\n               class=\"ngg-simplelightbox\" rel=\"c3044db0fd6031c3b43d34272fe5bf14\">\n                <img\n                    title=\"677207561_960005119755891_5459979075459623105_n\"\n                    alt=\"677207561_960005119755891_5459979075459623105_n\"\n                    src=\"https:\/\/zss1.szczecin.pl\/wp-content\/gallery\/dzien-ziemi-2026\/thumbs\/thumbs_677207561_960005119755891_5459979075459623105_n.jpg\"\n                    width=\"240\"\n                    height=\"160\"\n                    style=\"max-width:100%;\"\n                \/>\n            <\/a>\n        <\/div>\n\t\t\t\t\t\t\t<\/div> \n\t\t\t\n\t\t\t\t<div id=\"ngg-image-14\" class=\"ngg-gallery-thumbnail-box \" >\n\t\t\t\t        <div class=\"ngg-gallery-thumbnail\">\n            <a href=\"https:\/\/zss1.szczecin.pl\/wp-content\/gallery\/dzien-ziemi-2026\/677357279_960004783089258_2693889512566227626_n.jpg\"\n               title=\"\"\n               data-src=\"https:\/\/zss1.szczecin.pl\/wp-content\/gallery\/dzien-ziemi-2026\/677357279_960004783089258_2693889512566227626_n.jpg\"\n               data-thumbnail=\"https:\/\/zss1.szczecin.pl\/wp-content\/gallery\/dzien-ziemi-2026\/thumbs\/thumbs_677357279_960004783089258_2693889512566227626_n.jpg\"\n               data-image-id=\"8491\"\n               data-title=\"677357279_960004783089258_2693889512566227626_n\"\n               data-description=\"\"\n               data-image-slug=\"677357279_960004783089258_2693889512566227626_n\"\n               class=\"ngg-simplelightbox\" rel=\"c3044db0fd6031c3b43d34272fe5bf14\">\n                <img\n                    title=\"677357279_960004783089258_2693889512566227626_n\"\n                    alt=\"677357279_960004783089258_2693889512566227626_n\"\n                    src=\"https:\/\/zss1.szczecin.pl\/wp-content\/gallery\/dzien-ziemi-2026\/thumbs\/thumbs_677357279_960004783089258_2693889512566227626_n.jpg\"\n                    width=\"240\"\n                    height=\"160\"\n                    style=\"max-width:100%;\"\n                \/>\n            <\/a>\n        <\/div>\n\t\t\t\t\t\t\t<\/div> \n\t\t\t\n\t\t\t\t<div id=\"ngg-image-15\" class=\"ngg-gallery-thumbnail-box \" >\n\t\t\t\t        <div class=\"ngg-gallery-thumbnail\">\n            <a href=\"https:\/\/zss1.szczecin.pl\/wp-content\/gallery\/dzien-ziemi-2026\/678207190_960004436422626_2959304118399609616_n.jpg\"\n               title=\"\"\n               data-src=\"https:\/\/zss1.szczecin.pl\/wp-content\/gallery\/dzien-ziemi-2026\/678207190_960004436422626_2959304118399609616_n.jpg\"\n               data-thumbnail=\"https:\/\/zss1.szczecin.pl\/wp-content\/gallery\/dzien-ziemi-2026\/thumbs\/thumbs_678207190_960004436422626_2959304118399609616_n.jpg\"\n               data-image-id=\"8492\"\n               data-title=\"678207190_960004436422626_2959304118399609616_n\"\n               data-description=\"\"\n               data-image-slug=\"678207190_960004436422626_2959304118399609616_n\"\n               class=\"ngg-simplelightbox\" rel=\"c3044db0fd6031c3b43d34272fe5bf14\">\n                <img\n                    title=\"678207190_960004436422626_2959304118399609616_n\"\n                    alt=\"678207190_960004436422626_2959304118399609616_n\"\n                    src=\"https:\/\/zss1.szczecin.pl\/wp-content\/gallery\/dzien-ziemi-2026\/thumbs\/thumbs_678207190_960004436422626_2959304118399609616_n.jpg\"\n                    width=\"240\"\n                    height=\"160\"\n                    style=\"max-width:100%;\"\n                \/>\n            <\/a>\n        <\/div>\n\t\t\t\t\t\t\t<\/div> \n\t\t\t\n\t\t\t\t<div id=\"ngg-image-16\" class=\"ngg-gallery-thumbnail-box \" >\n\t\t\t\t        <div class=\"ngg-gallery-thumbnail\">\n            <a href=\"https:\/\/zss1.szczecin.pl\/wp-content\/gallery\/dzien-ziemi-2026\/678210557_960004559755947_2341440041325709074_n.jpg\"\n               title=\"\"\n               data-src=\"https:\/\/zss1.szczecin.pl\/wp-content\/gallery\/dzien-ziemi-2026\/678210557_960004559755947_2341440041325709074_n.jpg\"\n               data-thumbnail=\"https:\/\/zss1.szczecin.pl\/wp-content\/gallery\/dzien-ziemi-2026\/thumbs\/thumbs_678210557_960004559755947_2341440041325709074_n.jpg\"\n               data-image-id=\"8493\"\n               data-title=\"678210557_960004559755947_2341440041325709074_n\"\n               data-description=\"\"\n               data-image-slug=\"678210557_960004559755947_2341440041325709074_n\"\n               class=\"ngg-simplelightbox\" rel=\"c3044db0fd6031c3b43d34272fe5bf14\">\n                <img\n                    title=\"678210557_960004559755947_2341440041325709074_n\"\n                    alt=\"678210557_960004559755947_2341440041325709074_n\"\n                    src=\"https:\/\/zss1.szczecin.pl\/wp-content\/gallery\/dzien-ziemi-2026\/thumbs\/thumbs_678210557_960004559755947_2341440041325709074_n.jpg\"\n                    width=\"240\"\n                    height=\"160\"\n                    style=\"max-width:100%;\"\n                \/>\n            <\/a>\n        <\/div>\n\t\t\t\t\t\t\t<\/div> \n\t\t\t\n\t\t\t\t<div id=\"ngg-image-17\" class=\"ngg-gallery-thumbnail-box \" >\n\t\t\t\t        <div class=\"ngg-gallery-thumbnail\">\n            <a href=\"https:\/\/zss1.szczecin.pl\/wp-content\/gallery\/dzien-ziemi-2026\/678212259_960005476422522_9035578241000592130_n.jpg\"\n               title=\"\"\n               data-src=\"https:\/\/zss1.szczecin.pl\/wp-content\/gallery\/dzien-ziemi-2026\/678212259_960005476422522_9035578241000592130_n.jpg\"\n               data-thumbnail=\"https:\/\/zss1.szczecin.pl\/wp-content\/gallery\/dzien-ziemi-2026\/thumbs\/thumbs_678212259_960005476422522_9035578241000592130_n.jpg\"\n               data-image-id=\"8494\"\n               data-title=\"678212259_960005476422522_9035578241000592130_n\"\n               data-description=\"\"\n               data-image-slug=\"678212259_960005476422522_9035578241000592130_n\"\n               class=\"ngg-simplelightbox\" rel=\"c3044db0fd6031c3b43d34272fe5bf14\">\n                <img\n                    title=\"678212259_960005476422522_9035578241000592130_n\"\n                    alt=\"678212259_960005476422522_9035578241000592130_n\"\n                    src=\"https:\/\/zss1.szczecin.pl\/wp-content\/gallery\/dzien-ziemi-2026\/thumbs\/thumbs_678212259_960005476422522_9035578241000592130_n.jpg\"\n                    width=\"240\"\n                    height=\"160\"\n                    style=\"max-width:100%;\"\n                \/>\n            <\/a>\n        <\/div>\n\t\t\t\t\t\t\t<\/div> \n\t\t\t\n\t\t\t\t<div id=\"ngg-image-18\" class=\"ngg-gallery-thumbnail-box \" >\n\t\t\t\t        <div class=\"ngg-gallery-thumbnail\">\n            <a href=\"https:\/\/zss1.szczecin.pl\/wp-content\/gallery\/dzien-ziemi-2026\/678221034_960005713089165_4706613883892939381_n.jpg\"\n               title=\"\"\n               data-src=\"https:\/\/zss1.szczecin.pl\/wp-content\/gallery\/dzien-ziemi-2026\/678221034_960005713089165_4706613883892939381_n.jpg\"\n               data-thumbnail=\"https:\/\/zss1.szczecin.pl\/wp-content\/gallery\/dzien-ziemi-2026\/thumbs\/thumbs_678221034_960005713089165_4706613883892939381_n.jpg\"\n               data-image-id=\"8495\"\n               data-title=\"678221034_960005713089165_4706613883892939381_n\"\n               data-description=\"\"\n               data-image-slug=\"678221034_960005713089165_4706613883892939381_n\"\n               class=\"ngg-simplelightbox\" rel=\"c3044db0fd6031c3b43d34272fe5bf14\">\n                <img\n                    title=\"678221034_960005713089165_4706613883892939381_n\"\n                    alt=\"678221034_960005713089165_4706613883892939381_n\"\n                    src=\"https:\/\/zss1.szczecin.pl\/wp-content\/gallery\/dzien-ziemi-2026\/thumbs\/thumbs_678221034_960005713089165_4706613883892939381_n.jpg\"\n                    width=\"240\"\n                    height=\"160\"\n                    style=\"max-width:100%;\"\n                \/>\n            <\/a>\n        <\/div>\n\t\t\t\t\t\t\t<\/div> \n\t\t\t\n\t\t\t\t<div id=\"ngg-image-19\" class=\"ngg-gallery-thumbnail-box \" >\n\t\t\t\t        <div class=\"ngg-gallery-thumbnail\">\n            <a href=\"https:\/\/zss1.szczecin.pl\/wp-content\/gallery\/dzien-ziemi-2026\/678237488_960005269755876_6179956391694209899_n.jpg\"\n               title=\"\"\n               data-src=\"https:\/\/zss1.szczecin.pl\/wp-content\/gallery\/dzien-ziemi-2026\/678237488_960005269755876_6179956391694209899_n.jpg\"\n               data-thumbnail=\"https:\/\/zss1.szczecin.pl\/wp-content\/gallery\/dzien-ziemi-2026\/thumbs\/thumbs_678237488_960005269755876_6179956391694209899_n.jpg\"\n               data-image-id=\"8496\"\n               data-title=\"678237488_960005269755876_6179956391694209899_n\"\n               data-description=\"\"\n               data-image-slug=\"678237488_960005269755876_6179956391694209899_n\"\n               class=\"ngg-simplelightbox\" rel=\"c3044db0fd6031c3b43d34272fe5bf14\">\n                <img\n                    title=\"678237488_960005269755876_6179956391694209899_n\"\n                    alt=\"678237488_960005269755876_6179956391694209899_n\"\n                    src=\"https:\/\/zss1.szczecin.pl\/wp-content\/gallery\/dzien-ziemi-2026\/thumbs\/thumbs_678237488_960005269755876_6179956391694209899_n.jpg\"\n                    width=\"240\"\n                    height=\"160\"\n                    style=\"max-width:100%;\"\n                \/>\n            <\/a>\n        <\/div>\n\t\t\t\t\t\t\t<\/div> \n\t\t\t\n\t\t\t\t<div id=\"ngg-image-20\" class=\"ngg-gallery-thumbnail-box \" >\n\t\t\t\t        <div class=\"ngg-gallery-thumbnail\">\n            <a href=\"https:\/\/zss1.szczecin.pl\/wp-content\/gallery\/dzien-ziemi-2026\/678250162_960004579755945_4930938369919094982_n.jpg\"\n               title=\"\"\n               data-src=\"https:\/\/zss1.szczecin.pl\/wp-content\/gallery\/dzien-ziemi-2026\/678250162_960004579755945_4930938369919094982_n.jpg\"\n               data-thumbnail=\"https:\/\/zss1.szczecin.pl\/wp-content\/gallery\/dzien-ziemi-2026\/thumbs\/thumbs_678250162_960004579755945_4930938369919094982_n.jpg\"\n               data-image-id=\"8497\"\n               data-title=\"678250162_960004579755945_4930938369919094982_n\"\n               data-description=\"\"\n               data-image-slug=\"678250162_960004579755945_4930938369919094982_n\"\n               class=\"ngg-simplelightbox\" rel=\"c3044db0fd6031c3b43d34272fe5bf14\">\n                <img\n                    title=\"678250162_960004579755945_4930938369919094982_n\"\n                    alt=\"678250162_960004579755945_4930938369919094982_n\"\n                    src=\"https:\/\/zss1.szczecin.pl\/wp-content\/gallery\/dzien-ziemi-2026\/thumbs\/thumbs_678250162_960004579755945_4930938369919094982_n.jpg\"\n                    width=\"240\"\n                    height=\"160\"\n                    style=\"max-width:100%;\"\n                \/>\n            <\/a>\n        <\/div>\n\t\t\t\t\t\t\t<\/div> \n\t\t\t\n\t\t\t\t<div id=\"ngg-image-21\" class=\"ngg-gallery-thumbnail-box \" >\n\t\t\t\t        <div class=\"ngg-gallery-thumbnail\">\n            <a href=\"https:\/\/zss1.szczecin.pl\/wp-content\/gallery\/dzien-ziemi-2026\/678291607_960004849755918_3766376256006286560_n.jpg\"\n               title=\"\"\n               data-src=\"https:\/\/zss1.szczecin.pl\/wp-content\/gallery\/dzien-ziemi-2026\/678291607_960004849755918_3766376256006286560_n.jpg\"\n               data-thumbnail=\"https:\/\/zss1.szczecin.pl\/wp-content\/gallery\/dzien-ziemi-2026\/thumbs\/thumbs_678291607_960004849755918_3766376256006286560_n.jpg\"\n               data-image-id=\"8498\"\n               data-title=\"678291607_960004849755918_3766376256006286560_n\"\n               data-description=\"\"\n               data-image-slug=\"678291607_960004849755918_3766376256006286560_n\"\n               class=\"ngg-simplelightbox\" rel=\"c3044db0fd6031c3b43d34272fe5bf14\">\n                <img\n                    title=\"678291607_960004849755918_3766376256006286560_n\"\n                    alt=\"678291607_960004849755918_3766376256006286560_n\"\n                    src=\"https:\/\/zss1.szczecin.pl\/wp-content\/gallery\/dzien-ziemi-2026\/thumbs\/thumbs_678291607_960004849755918_3766376256006286560_n.jpg\"\n                    width=\"240\"\n                    height=\"160\"\n                    style=\"max-width:100%;\"\n                \/>\n            <\/a>\n        <\/div>\n\t\t\t\t\t\t\t<\/div> \n\t\t\t\n\t\t\t\t<div id=\"ngg-image-22\" class=\"ngg-gallery-thumbnail-box \" >\n\t\t\t\t        <div class=\"ngg-gallery-thumbnail\">\n            <a href=\"https:\/\/zss1.szczecin.pl\/wp-content\/gallery\/dzien-ziemi-2026\/678294061_960004646422605_8417308367737416352_n.jpg\"\n               title=\"\"\n               data-src=\"https:\/\/zss1.szczecin.pl\/wp-content\/gallery\/dzien-ziemi-2026\/678294061_960004646422605_8417308367737416352_n.jpg\"\n               data-thumbnail=\"https:\/\/zss1.szczecin.pl\/wp-content\/gallery\/dzien-ziemi-2026\/thumbs\/thumbs_678294061_960004646422605_8417308367737416352_n.jpg\"\n               data-image-id=\"8499\"\n               data-title=\"678294061_960004646422605_8417308367737416352_n\"\n               data-description=\"\"\n               data-image-slug=\"678294061_960004646422605_8417308367737416352_n\"\n               class=\"ngg-simplelightbox\" rel=\"c3044db0fd6031c3b43d34272fe5bf14\">\n                <img\n                    title=\"678294061_960004646422605_8417308367737416352_n\"\n                    alt=\"678294061_960004646422605_8417308367737416352_n\"\n                    src=\"https:\/\/zss1.szczecin.pl\/wp-content\/gallery\/dzien-ziemi-2026\/thumbs\/thumbs_678294061_960004646422605_8417308367737416352_n.jpg\"\n                    width=\"240\"\n                    height=\"160\"\n                    style=\"max-width:100%;\"\n                \/>\n            <\/a>\n        <\/div>\n\t\t\t\t\t\t\t<\/div> \n\t\t\t\n\t\t\t\t<div id=\"ngg-image-23\" class=\"ngg-gallery-thumbnail-box \" >\n\t\t\t\t        <div class=\"ngg-gallery-thumbnail\">\n            <a href=\"https:\/\/zss1.szczecin.pl\/wp-content\/gallery\/dzien-ziemi-2026\/678302930_960005129755890_2876543496926300405_n.jpg\"\n               title=\"\"\n               data-src=\"https:\/\/zss1.szczecin.pl\/wp-content\/gallery\/dzien-ziemi-2026\/678302930_960005129755890_2876543496926300405_n.jpg\"\n               data-thumbnail=\"https:\/\/zss1.szczecin.pl\/wp-content\/gallery\/dzien-ziemi-2026\/thumbs\/thumbs_678302930_960005129755890_2876543496926300405_n.jpg\"\n               data-image-id=\"8500\"\n               data-title=\"678302930_960005129755890_2876543496926300405_n\"\n               data-description=\"\"\n               data-image-slug=\"678302930_960005129755890_2876543496926300405_n\"\n               class=\"ngg-simplelightbox\" rel=\"c3044db0fd6031c3b43d34272fe5bf14\">\n                <img\n                    title=\"678302930_960005129755890_2876543496926300405_n\"\n                    alt=\"678302930_960005129755890_2876543496926300405_n\"\n                    src=\"https:\/\/zss1.szczecin.pl\/wp-content\/gallery\/dzien-ziemi-2026\/thumbs\/thumbs_678302930_960005129755890_2876543496926300405_n.jpg\"\n                    width=\"240\"\n                    height=\"160\"\n                    style=\"max-width:100%;\"\n                \/>\n            <\/a>\n        <\/div>\n\t\t\t\t\t\t\t<\/div> \n\t\t\t\n\t\t\t\t<div id=\"ngg-image-24\" class=\"ngg-gallery-thumbnail-box \" >\n\t\t\t\t        <div class=\"ngg-gallery-thumbnail\">\n            <a href=\"https:\/\/zss1.szczecin.pl\/wp-content\/gallery\/dzien-ziemi-2026\/678317440_960005063089230_4048846581230132409_n.jpg\"\n               title=\"\"\n               data-src=\"https:\/\/zss1.szczecin.pl\/wp-content\/gallery\/dzien-ziemi-2026\/678317440_960005063089230_4048846581230132409_n.jpg\"\n               data-thumbnail=\"https:\/\/zss1.szczecin.pl\/wp-content\/gallery\/dzien-ziemi-2026\/thumbs\/thumbs_678317440_960005063089230_4048846581230132409_n.jpg\"\n               data-image-id=\"8501\"\n               data-title=\"678317440_960005063089230_4048846581230132409_n\"\n               data-description=\"\"\n               data-image-slug=\"678317440_960005063089230_4048846581230132409_n\"\n               class=\"ngg-simplelightbox\" rel=\"c3044db0fd6031c3b43d34272fe5bf14\">\n                <img\n                    title=\"678317440_960005063089230_4048846581230132409_n\"\n                    alt=\"678317440_960005063089230_4048846581230132409_n\"\n                    src=\"https:\/\/zss1.szczecin.pl\/wp-content\/gallery\/dzien-ziemi-2026\/thumbs\/thumbs_678317440_960005063089230_4048846581230132409_n.jpg\"\n                    width=\"240\"\n                    height=\"160\"\n                    style=\"max-width:100%;\"\n                \/>\n            <\/a>\n        <\/div>\n\t\t\t\t\t\t\t<\/div> \n\t\t\t\n\t\t\t\t<div id=\"ngg-image-25\" class=\"ngg-gallery-thumbnail-box \" >\n\t\t\t\t        <div class=\"ngg-gallery-thumbnail\">\n            <a href=\"https:\/\/zss1.szczecin.pl\/wp-content\/gallery\/dzien-ziemi-2026\/678391556_960005466422523_5991392410028612537_n.jpg\"\n               title=\"\"\n               data-src=\"https:\/\/zss1.szczecin.pl\/wp-content\/gallery\/dzien-ziemi-2026\/678391556_960005466422523_5991392410028612537_n.jpg\"\n               data-thumbnail=\"https:\/\/zss1.szczecin.pl\/wp-content\/gallery\/dzien-ziemi-2026\/thumbs\/thumbs_678391556_960005466422523_5991392410028612537_n.jpg\"\n               data-image-id=\"8502\"\n               data-title=\"678391556_960005466422523_5991392410028612537_n\"\n               data-description=\"\"\n               data-image-slug=\"678391556_960005466422523_5991392410028612537_n\"\n               class=\"ngg-simplelightbox\" rel=\"c3044db0fd6031c3b43d34272fe5bf14\">\n                <img\n                    title=\"678391556_960005466422523_5991392410028612537_n\"\n                    alt=\"678391556_960005466422523_5991392410028612537_n\"\n                    src=\"https:\/\/zss1.szczecin.pl\/wp-content\/gallery\/dzien-ziemi-2026\/thumbs\/thumbs_678391556_960005466422523_5991392410028612537_n.jpg\"\n                    width=\"240\"\n                    height=\"160\"\n                    style=\"max-width:100%;\"\n                \/>\n            <\/a>\n        <\/div>\n\t\t\t\t\t\t\t<\/div> \n\t\t\t\n\t\t\t\t<div id=\"ngg-image-26\" class=\"ngg-gallery-thumbnail-box \" >\n\t\t\t\t        <div class=\"ngg-gallery-thumbnail\">\n            <a href=\"https:\/\/zss1.szczecin.pl\/wp-content\/gallery\/dzien-ziemi-2026\/678398752_960004753089261_2083731050823307211_n.jpg\"\n               title=\"\"\n               data-src=\"https:\/\/zss1.szczecin.pl\/wp-content\/gallery\/dzien-ziemi-2026\/678398752_960004753089261_2083731050823307211_n.jpg\"\n               data-thumbnail=\"https:\/\/zss1.szczecin.pl\/wp-content\/gallery\/dzien-ziemi-2026\/thumbs\/thumbs_678398752_960004753089261_2083731050823307211_n.jpg\"\n               data-image-id=\"8503\"\n               data-title=\"678398752_960004753089261_2083731050823307211_n\"\n               data-description=\"\"\n               data-image-slug=\"678398752_960004753089261_2083731050823307211_n\"\n               class=\"ngg-simplelightbox\" rel=\"c3044db0fd6031c3b43d34272fe5bf14\">\n                <img\n                    title=\"678398752_960004753089261_2083731050823307211_n\"\n                    alt=\"678398752_960004753089261_2083731050823307211_n\"\n                    src=\"https:\/\/zss1.szczecin.pl\/wp-content\/gallery\/dzien-ziemi-2026\/thumbs\/thumbs_678398752_960004753089261_2083731050823307211_n.jpg\"\n                    width=\"240\"\n                    height=\"160\"\n                    style=\"max-width:100%;\"\n                \/>\n            <\/a>\n        <\/div>\n\t\t\t\t\t\t\t<\/div> \n\t\t\t\n\t\t\t\t<div id=\"ngg-image-27\" class=\"ngg-gallery-thumbnail-box \" >\n\t\t\t\t        <div class=\"ngg-gallery-thumbnail\">\n            <a href=\"https:\/\/zss1.szczecin.pl\/wp-content\/gallery\/dzien-ziemi-2026\/678545453_960005749755828_4906036362924100674_n.jpg\"\n               title=\"\"\n               data-src=\"https:\/\/zss1.szczecin.pl\/wp-content\/gallery\/dzien-ziemi-2026\/678545453_960005749755828_4906036362924100674_n.jpg\"\n               data-thumbnail=\"https:\/\/zss1.szczecin.pl\/wp-content\/gallery\/dzien-ziemi-2026\/thumbs\/thumbs_678545453_960005749755828_4906036362924100674_n.jpg\"\n               data-image-id=\"8504\"\n               data-title=\"678545453_960005749755828_4906036362924100674_n\"\n               data-description=\"\"\n               data-image-slug=\"678545453_960005749755828_4906036362924100674_n\"\n               class=\"ngg-simplelightbox\" rel=\"c3044db0fd6031c3b43d34272fe5bf14\">\n                <img\n                    title=\"678545453_960005749755828_4906036362924100674_n\"\n                    alt=\"678545453_960005749755828_4906036362924100674_n\"\n                    src=\"https:\/\/zss1.szczecin.pl\/wp-content\/gallery\/dzien-ziemi-2026\/thumbs\/thumbs_678545453_960005749755828_4906036362924100674_n.jpg\"\n                    width=\"240\"\n                    height=\"160\"\n                    style=\"max-width:100%;\"\n                \/>\n            <\/a>\n        <\/div>\n\t\t\t\t\t\t\t<\/div> \n\t\t\t\n\t\t\t\t<div id=\"ngg-image-28\" class=\"ngg-gallery-thumbnail-box \" >\n\t\t\t\t        <div class=\"ngg-gallery-thumbnail\">\n            <a href=\"https:\/\/zss1.szczecin.pl\/wp-content\/gallery\/dzien-ziemi-2026\/678599245_960005636422506_4426838288458191166_n.jpg\"\n               title=\"\"\n               data-src=\"https:\/\/zss1.szczecin.pl\/wp-content\/gallery\/dzien-ziemi-2026\/678599245_960005636422506_4426838288458191166_n.jpg\"\n               data-thumbnail=\"https:\/\/zss1.szczecin.pl\/wp-content\/gallery\/dzien-ziemi-2026\/thumbs\/thumbs_678599245_960005636422506_4426838288458191166_n.jpg\"\n               data-image-id=\"8505\"\n               data-title=\"678599245_960005636422506_4426838288458191166_n\"\n               data-description=\"\"\n               data-image-slug=\"678599245_960005636422506_4426838288458191166_n\"\n               class=\"ngg-simplelightbox\" rel=\"c3044db0fd6031c3b43d34272fe5bf14\">\n                <img\n                    title=\"678599245_960005636422506_4426838288458191166_n\"\n                    alt=\"678599245_960005636422506_4426838288458191166_n\"\n                    src=\"https:\/\/zss1.szczecin.pl\/wp-content\/gallery\/dzien-ziemi-2026\/thumbs\/thumbs_678599245_960005636422506_4426838288458191166_n.jpg\"\n                    width=\"240\"\n                    height=\"160\"\n                    style=\"max-width:100%;\"\n                \/>\n            <\/a>\n        <\/div>\n\t\t\t\t\t\t\t<\/div> \n\t\t\t\n\t\t\t\t<div id=\"ngg-image-29\" class=\"ngg-gallery-thumbnail-box \" >\n\t\t\t\t        <div class=\"ngg-gallery-thumbnail\">\n            <a href=\"https:\/\/zss1.szczecin.pl\/wp-content\/gallery\/dzien-ziemi-2026\/678610027_960005586422511_7337892029991805191_n.jpg\"\n               title=\"\"\n               data-src=\"https:\/\/zss1.szczecin.pl\/wp-content\/gallery\/dzien-ziemi-2026\/678610027_960005586422511_7337892029991805191_n.jpg\"\n               data-thumbnail=\"https:\/\/zss1.szczecin.pl\/wp-content\/gallery\/dzien-ziemi-2026\/thumbs\/thumbs_678610027_960005586422511_7337892029991805191_n.jpg\"\n               data-image-id=\"8506\"\n               data-title=\"678610027_960005586422511_7337892029991805191_n\"\n               data-description=\"\"\n               data-image-slug=\"678610027_960005586422511_7337892029991805191_n\"\n               class=\"ngg-simplelightbox\" rel=\"c3044db0fd6031c3b43d34272fe5bf14\">\n                <img\n                    title=\"678610027_960005586422511_7337892029991805191_n\"\n                    alt=\"678610027_960005586422511_7337892029991805191_n\"\n                    src=\"https:\/\/zss1.szczecin.pl\/wp-content\/gallery\/dzien-ziemi-2026\/thumbs\/thumbs_678610027_960005586422511_7337892029991805191_n.jpg\"\n                    width=\"240\"\n                    height=\"160\"\n                    style=\"max-width:100%;\"\n                \/>\n            <\/a>\n        <\/div>\n\t\t\t\t\t\t\t<\/div> \n\t\t\t\n\t\t\t\t<div id=\"ngg-image-30\" class=\"ngg-gallery-thumbnail-box \" >\n\t\t\t\t        <div class=\"ngg-gallery-thumbnail\">\n            <a href=\"https:\/\/zss1.szczecin.pl\/wp-content\/gallery\/dzien-ziemi-2026\/678621013_960004456422624_5879489868385496190_n.jpg\"\n               title=\"\"\n               data-src=\"https:\/\/zss1.szczecin.pl\/wp-content\/gallery\/dzien-ziemi-2026\/678621013_960004456422624_5879489868385496190_n.jpg\"\n               data-thumbnail=\"https:\/\/zss1.szczecin.pl\/wp-content\/gallery\/dzien-ziemi-2026\/thumbs\/thumbs_678621013_960004456422624_5879489868385496190_n.jpg\"\n               data-image-id=\"8507\"\n               data-title=\"678621013_960004456422624_5879489868385496190_n\"\n               data-description=\"\"\n               data-image-slug=\"678621013_960004456422624_5879489868385496190_n\"\n               class=\"ngg-simplelightbox\" rel=\"c3044db0fd6031c3b43d34272fe5bf14\">\n                <img\n                    title=\"678621013_960004456422624_5879489868385496190_n\"\n                    alt=\"678621013_960004456422624_5879489868385496190_n\"\n                    src=\"https:\/\/zss1.szczecin.pl\/wp-content\/gallery\/dzien-ziemi-2026\/thumbs\/thumbs_678621013_960004456422624_5879489868385496190_n.jpg\"\n                    width=\"240\"\n                    height=\"160\"\n                    style=\"max-width:100%;\"\n                \/>\n            <\/a>\n        <\/div>\n\t\t\t\t\t\t\t<\/div> \n\t\t\t\n\t\t\t\t<div id=\"ngg-image-31\" class=\"ngg-gallery-thumbnail-box \" >\n\t\t\t\t        <div class=\"ngg-gallery-thumbnail\">\n            <a href=\"https:\/\/zss1.szczecin.pl\/wp-content\/gallery\/dzien-ziemi-2026\/678630980_960004689755934_5882363543892760233_n.jpg\"\n               title=\"\"\n               data-src=\"https:\/\/zss1.szczecin.pl\/wp-content\/gallery\/dzien-ziemi-2026\/678630980_960004689755934_5882363543892760233_n.jpg\"\n               data-thumbnail=\"https:\/\/zss1.szczecin.pl\/wp-content\/gallery\/dzien-ziemi-2026\/thumbs\/thumbs_678630980_960004689755934_5882363543892760233_n.jpg\"\n               data-image-id=\"8508\"\n               data-title=\"678630980_960004689755934_5882363543892760233_n\"\n               data-description=\"\"\n               data-image-slug=\"678630980_960004689755934_5882363543892760233_n\"\n               class=\"ngg-simplelightbox\" rel=\"c3044db0fd6031c3b43d34272fe5bf14\">\n                <img\n                    title=\"678630980_960004689755934_5882363543892760233_n\"\n                    alt=\"678630980_960004689755934_5882363543892760233_n\"\n                    src=\"https:\/\/zss1.szczecin.pl\/wp-content\/gallery\/dzien-ziemi-2026\/thumbs\/thumbs_678630980_960004689755934_5882363543892760233_n.jpg\"\n                    width=\"240\"\n                    height=\"160\"\n                    style=\"max-width:100%;\"\n                \/>\n            <\/a>\n        <\/div>\n\t\t\t\t\t\t\t<\/div> \n\t\t\t\n\t\t\t\t<div id=\"ngg-image-32\" class=\"ngg-gallery-thumbnail-box \" >\n\t\t\t\t        <div class=\"ngg-gallery-thumbnail\">\n            <a href=\"https:\/\/zss1.szczecin.pl\/wp-content\/gallery\/dzien-ziemi-2026\/678781568_960004556422614_6346215687285191752_n.jpg\"\n               title=\"\"\n               data-src=\"https:\/\/zss1.szczecin.pl\/wp-content\/gallery\/dzien-ziemi-2026\/678781568_960004556422614_6346215687285191752_n.jpg\"\n               data-thumbnail=\"https:\/\/zss1.szczecin.pl\/wp-content\/gallery\/dzien-ziemi-2026\/thumbs\/thumbs_678781568_960004556422614_6346215687285191752_n.jpg\"\n               data-image-id=\"8509\"\n               data-title=\"678781568_960004556422614_6346215687285191752_n\"\n               data-description=\"\"\n               data-image-slug=\"678781568_960004556422614_6346215687285191752_n\"\n               class=\"ngg-simplelightbox\" rel=\"c3044db0fd6031c3b43d34272fe5bf14\">\n                <img\n                    title=\"678781568_960004556422614_6346215687285191752_n\"\n                    alt=\"678781568_960004556422614_6346215687285191752_n\"\n                    src=\"https:\/\/zss1.szczecin.pl\/wp-content\/gallery\/dzien-ziemi-2026\/thumbs\/thumbs_678781568_960004556422614_6346215687285191752_n.jpg\"\n                    width=\"240\"\n                    height=\"160\"\n                    style=\"max-width:100%;\"\n                \/>\n            <\/a>\n        <\/div>\n\t\t\t\t\t\t\t<\/div> \n\t\t\t\n\t\t\t\t<div id=\"ngg-image-33\" class=\"ngg-gallery-thumbnail-box \" >\n\t\t\t\t        <div class=\"ngg-gallery-thumbnail\">\n            <a href=\"https:\/\/zss1.szczecin.pl\/wp-content\/gallery\/dzien-ziemi-2026\/678821084_960005566422513_4350233188857010547_n.jpg\"\n               title=\"\"\n               data-src=\"https:\/\/zss1.szczecin.pl\/wp-content\/gallery\/dzien-ziemi-2026\/678821084_960005566422513_4350233188857010547_n.jpg\"\n               data-thumbnail=\"https:\/\/zss1.szczecin.pl\/wp-content\/gallery\/dzien-ziemi-2026\/thumbs\/thumbs_678821084_960005566422513_4350233188857010547_n.jpg\"\n               data-image-id=\"8510\"\n               data-title=\"678821084_960005566422513_4350233188857010547_n\"\n               data-description=\"\"\n               data-image-slug=\"678821084_960005566422513_4350233188857010547_n\"\n               class=\"ngg-simplelightbox\" rel=\"c3044db0fd6031c3b43d34272fe5bf14\">\n                <img\n                    title=\"678821084_960005566422513_4350233188857010547_n\"\n                    alt=\"678821084_960005566422513_4350233188857010547_n\"\n                    src=\"https:\/\/zss1.szczecin.pl\/wp-content\/gallery\/dzien-ziemi-2026\/thumbs\/thumbs_678821084_960005566422513_4350233188857010547_n.jpg\"\n                    width=\"240\"\n                    height=\"160\"\n                    style=\"max-width:100%;\"\n                \/>\n            <\/a>\n        <\/div>\n\t\t\t\t\t\t\t<\/div> \n\t\t\t\n\t\t\t\t<div id=\"ngg-image-34\" class=\"ngg-gallery-thumbnail-box \" >\n\t\t\t\t        <div class=\"ngg-gallery-thumbnail\">\n            <a href=\"https:\/\/zss1.szczecin.pl\/wp-content\/gallery\/dzien-ziemi-2026\/678883983_960004889755914_4950901596919267592_n.jpg\"\n               title=\"\"\n               data-src=\"https:\/\/zss1.szczecin.pl\/wp-content\/gallery\/dzien-ziemi-2026\/678883983_960004889755914_4950901596919267592_n.jpg\"\n               data-thumbnail=\"https:\/\/zss1.szczecin.pl\/wp-content\/gallery\/dzien-ziemi-2026\/thumbs\/thumbs_678883983_960004889755914_4950901596919267592_n.jpg\"\n               data-image-id=\"8511\"\n               data-title=\"678883983_960004889755914_4950901596919267592_n\"\n               data-description=\"\"\n               data-image-slug=\"678883983_960004889755914_4950901596919267592_n\"\n               class=\"ngg-simplelightbox\" rel=\"c3044db0fd6031c3b43d34272fe5bf14\">\n                <img\n                    title=\"678883983_960004889755914_4950901596919267592_n\"\n                    alt=\"678883983_960004889755914_4950901596919267592_n\"\n                    src=\"https:\/\/zss1.szczecin.pl\/wp-content\/gallery\/dzien-ziemi-2026\/thumbs\/thumbs_678883983_960004889755914_4950901596919267592_n.jpg\"\n                    width=\"240\"\n                    height=\"160\"\n                    style=\"max-width:100%;\"\n                \/>\n            <\/a>\n        <\/div>\n\t\t\t\t\t\t\t<\/div> \n\t\t\t\n\t\t\t\t<div id=\"ngg-image-35\" class=\"ngg-gallery-thumbnail-box \" >\n\t\t\t\t        <div class=\"ngg-gallery-thumbnail\">\n            <a href=\"https:\/\/zss1.szczecin.pl\/wp-content\/gallery\/dzien-ziemi-2026\/678926844_960005799755823_6851401431701862080_n.jpg\"\n               title=\"\"\n               data-src=\"https:\/\/zss1.szczecin.pl\/wp-content\/gallery\/dzien-ziemi-2026\/678926844_960005799755823_6851401431701862080_n.jpg\"\n               data-thumbnail=\"https:\/\/zss1.szczecin.pl\/wp-content\/gallery\/dzien-ziemi-2026\/thumbs\/thumbs_678926844_960005799755823_6851401431701862080_n.jpg\"\n               data-image-id=\"8512\"\n               data-title=\"678926844_960005799755823_6851401431701862080_n\"\n               data-description=\"\"\n               data-image-slug=\"678926844_960005799755823_6851401431701862080_n\"\n               class=\"ngg-simplelightbox\" rel=\"c3044db0fd6031c3b43d34272fe5bf14\">\n                <img\n                    title=\"678926844_960005799755823_6851401431701862080_n\"\n                    alt=\"678926844_960005799755823_6851401431701862080_n\"\n                    src=\"https:\/\/zss1.szczecin.pl\/wp-content\/gallery\/dzien-ziemi-2026\/thumbs\/thumbs_678926844_960005799755823_6851401431701862080_n.jpg\"\n                    width=\"240\"\n                    height=\"160\"\n                    style=\"max-width:100%;\"\n                \/>\n            <\/a>\n        <\/div>\n\t\t\t\t\t\t\t<\/div> \n\t\t\t\n\t\t\t\t<div id=\"ngg-image-36\" class=\"ngg-gallery-thumbnail-box \" >\n\t\t\t\t        <div class=\"ngg-gallery-thumbnail\">\n            <a href=\"https:\/\/zss1.szczecin.pl\/wp-content\/gallery\/dzien-ziemi-2026\/678941376_960005356422534_8734766848195862491_n.jpg\"\n               title=\"\"\n               data-src=\"https:\/\/zss1.szczecin.pl\/wp-content\/gallery\/dzien-ziemi-2026\/678941376_960005356422534_8734766848195862491_n.jpg\"\n               data-thumbnail=\"https:\/\/zss1.szczecin.pl\/wp-content\/gallery\/dzien-ziemi-2026\/thumbs\/thumbs_678941376_960005356422534_8734766848195862491_n.jpg\"\n               data-image-id=\"8513\"\n               data-title=\"678941376_960005356422534_8734766848195862491_n\"\n               data-description=\"\"\n               data-image-slug=\"678941376_960005356422534_8734766848195862491_n\"\n               class=\"ngg-simplelightbox\" rel=\"c3044db0fd6031c3b43d34272fe5bf14\">\n                <img\n                    title=\"678941376_960005356422534_8734766848195862491_n\"\n                    alt=\"678941376_960005356422534_8734766848195862491_n\"\n                    src=\"https:\/\/zss1.szczecin.pl\/wp-content\/gallery\/dzien-ziemi-2026\/thumbs\/thumbs_678941376_960005356422534_8734766848195862491_n.jpg\"\n                    width=\"240\"\n                    height=\"160\"\n                    style=\"max-width:100%;\"\n                \/>\n            <\/a>\n        <\/div>\n\t\t\t\t\t\t\t<\/div> \n\t\t\t\n\t\t\t\t<div id=\"ngg-image-37\" class=\"ngg-gallery-thumbnail-box \" >\n\t\t\t\t        <div class=\"ngg-gallery-thumbnail\">\n            <a href=\"https:\/\/zss1.szczecin.pl\/wp-content\/gallery\/dzien-ziemi-2026\/678949746_960005326422537_4535856317235519608_n.jpg\"\n               title=\"\"\n               data-src=\"https:\/\/zss1.szczecin.pl\/wp-content\/gallery\/dzien-ziemi-2026\/678949746_960005326422537_4535856317235519608_n.jpg\"\n               data-thumbnail=\"https:\/\/zss1.szczecin.pl\/wp-content\/gallery\/dzien-ziemi-2026\/thumbs\/thumbs_678949746_960005326422537_4535856317235519608_n.jpg\"\n               data-image-id=\"8514\"\n               data-title=\"678949746_960005326422537_4535856317235519608_n\"\n               data-description=\"\"\n               data-image-slug=\"678949746_960005326422537_4535856317235519608_n\"\n               class=\"ngg-simplelightbox\" rel=\"c3044db0fd6031c3b43d34272fe5bf14\">\n                <img\n                    title=\"678949746_960005326422537_4535856317235519608_n\"\n                    alt=\"678949746_960005326422537_4535856317235519608_n\"\n                    src=\"https:\/\/zss1.szczecin.pl\/wp-content\/gallery\/dzien-ziemi-2026\/thumbs\/thumbs_678949746_960005326422537_4535856317235519608_n.jpg\"\n                    width=\"240\"\n                    height=\"160\"\n                    style=\"max-width:100%;\"\n                \/>\n            <\/a>\n        <\/div>\n\t\t\t\t\t\t\t<\/div> \n\t\t\t\n\t\t\t\t<div id=\"ngg-image-38\" class=\"ngg-gallery-thumbnail-box \" >\n\t\t\t\t        <div class=\"ngg-gallery-thumbnail\">\n            <a href=\"https:\/\/zss1.szczecin.pl\/wp-content\/gallery\/dzien-ziemi-2026\/679187758_960005819755821_9055387127372631324_n.jpg\"\n               title=\"\"\n               data-src=\"https:\/\/zss1.szczecin.pl\/wp-content\/gallery\/dzien-ziemi-2026\/679187758_960005819755821_9055387127372631324_n.jpg\"\n               data-thumbnail=\"https:\/\/zss1.szczecin.pl\/wp-content\/gallery\/dzien-ziemi-2026\/thumbs\/thumbs_679187758_960005819755821_9055387127372631324_n.jpg\"\n               data-image-id=\"8515\"\n               data-title=\"679187758_960005819755821_9055387127372631324_n\"\n               data-description=\"\"\n               data-image-slug=\"679187758_960005819755821_9055387127372631324_n\"\n               class=\"ngg-simplelightbox\" rel=\"c3044db0fd6031c3b43d34272fe5bf14\">\n                <img\n                    title=\"679187758_960005819755821_9055387127372631324_n\"\n                    alt=\"679187758_960005819755821_9055387127372631324_n\"\n                    src=\"https:\/\/zss1.szczecin.pl\/wp-content\/gallery\/dzien-ziemi-2026\/thumbs\/thumbs_679187758_960005819755821_9055387127372631324_n.jpg\"\n                    width=\"240\"\n                    height=\"160\"\n                    style=\"max-width:100%;\"\n                \/>\n            <\/a>\n        <\/div>\n\t\t\t\t\t\t\t<\/div> \n\t\t\t\n\t\t\t\t<div id=\"ngg-image-39\" class=\"ngg-gallery-thumbnail-box \" >\n\t\t\t\t        <div class=\"ngg-gallery-thumbnail\">\n            <a href=\"https:\/\/zss1.szczecin.pl\/wp-content\/gallery\/dzien-ziemi-2026\/678970085_960004963089240_2878376787401947379_n.jpg\"\n               title=\"\"\n               data-src=\"https:\/\/zss1.szczecin.pl\/wp-content\/gallery\/dzien-ziemi-2026\/678970085_960004963089240_2878376787401947379_n.jpg\"\n               data-thumbnail=\"https:\/\/zss1.szczecin.pl\/wp-content\/gallery\/dzien-ziemi-2026\/thumbs\/thumbs_678970085_960004963089240_2878376787401947379_n.jpg\"\n               data-image-id=\"8516\"\n               data-title=\"678970085_960004963089240_2878376787401947379_n\"\n               data-description=\"\"\n               data-image-slug=\"678970085_960004963089240_2878376787401947379_n\"\n               class=\"ngg-simplelightbox\" rel=\"c3044db0fd6031c3b43d34272fe5bf14\">\n                <img\n                    title=\"678970085_960004963089240_2878376787401947379_n\"\n                    alt=\"678970085_960004963089240_2878376787401947379_n\"\n                    src=\"https:\/\/zss1.szczecin.pl\/wp-content\/gallery\/dzien-ziemi-2026\/thumbs\/thumbs_678970085_960004963089240_2878376787401947379_n.jpg\"\n                    width=\"240\"\n                    height=\"160\"\n                    style=\"max-width:100%;\"\n                \/>\n            <\/a>\n        <\/div>\n\t\t\t\t\t\t\t<\/div> \n\t\t\t\n\t\t\t\t<div id=\"ngg-image-40\" class=\"ngg-gallery-thumbnail-box \" >\n\t\t\t\t        <div class=\"ngg-gallery-thumbnail\">\n            <a href=\"https:\/\/zss1.szczecin.pl\/wp-content\/gallery\/dzien-ziemi-2026\/679576222_960005193089217_3124711730118428387_n.jpg\"\n               title=\"\"\n               data-src=\"https:\/\/zss1.szczecin.pl\/wp-content\/gallery\/dzien-ziemi-2026\/679576222_960005193089217_3124711730118428387_n.jpg\"\n               data-thumbnail=\"https:\/\/zss1.szczecin.pl\/wp-content\/gallery\/dzien-ziemi-2026\/thumbs\/thumbs_679576222_960005193089217_3124711730118428387_n.jpg\"\n               data-image-id=\"8517\"\n               data-title=\"679576222_960005193089217_3124711730118428387_n\"\n               data-description=\"\"\n               data-image-slug=\"679576222_960005193089217_3124711730118428387_n\"\n               class=\"ngg-simplelightbox\" rel=\"c3044db0fd6031c3b43d34272fe5bf14\">\n                <img\n                    title=\"679576222_960005193089217_3124711730118428387_n\"\n                    alt=\"679576222_960005193089217_3124711730118428387_n\"\n                    src=\"https:\/\/zss1.szczecin.pl\/wp-content\/gallery\/dzien-ziemi-2026\/thumbs\/thumbs_679576222_960005193089217_3124711730118428387_n.jpg\"\n                    width=\"240\"\n                    height=\"160\"\n                    style=\"max-width:100%;\"\n                \/>\n            <\/a>\n        <\/div>\n\t\t\t\t\t\t\t<\/div> \n\t\t\t\n\t\n\t<br style=\"clear: both\" \/>\n\n\t\n\t\t<!-- Pagination -->\n\t<div class='ngg-clear'><\/div>\t<\/div>\n\n","protected":false},"excerpt":{"rendered":"<p>22 kwietnia \u2013 Dzie\u0144 Ziemi !!! Z tej okazji w ogrodzie szkolnym zorganizowali\u015bmy warsztaty ekologiczno-ogrodnicze, podczas kt\u00f3rych postanowili\u015bmy zrobi\u0107 naszej planecie wyj\u0105tkowy prezent, \u0142\u0105cz\u0105c nauk\u0119 z dzia\u0142aniami praktycznymi. Na pocz\u0105tku uczniowie utrwalili nawyki ekologiczne \u2013 przypomnieli\u015bmy, jak dba\u0107 o \u015brodowisko, dlaczego wa\u017cna jest segregacja odpad\u00f3w, oszcz\u0119dzanie wody oraz troska o [&hellip;]<\/p>\n","protected":false},"author":2,"featured_media":14654,"comment_status":"open","ping_status":"open","sticky":false,"template":"","format":"standard","meta":{"ngg_post_thumbnail":0},"categories":[171],"tags":[],"_links":{"self":[{"href":"https:\/\/zss1.szczecin.pl\/index.php?rest_route=\/wp\/v2\/posts\/14655"}],"collection":[{"href":"https:\/\/zss1.szczecin.pl\/index.php?rest_route=\/wp\/v2\/posts"}],"about":[{"href":"https:\/\/zss1.szczecin.pl\/index.php?rest_route=\/wp\/v2\/types\/post"}],"author":[{"embeddable":true,"href":"https:\/\/zss1.szczecin.pl\/index.php?rest_route=\/wp\/v2\/users\/2"}],"replies":[{"embeddable":true,"href":"https:\/\/zss1.szczecin.pl\/index.php?rest_route=%2Fwp%2Fv2%2Fcomments&post=14655"}],"version-history":[{"count":1,"href":"https:\/\/zss1.szczecin.pl\/index.php?rest_route=\/wp\/v2\/posts\/14655\/revisions"}],"predecessor-version":[{"id":14656,"href":"https:\/\/zss1.szczecin.pl\/index.php?rest_route=\/wp\/v2\/posts\/14655\/revisions\/14656"}],"wp:featuredmedia":[{"embeddable":true,"href":"https:\/\/zss1.szczecin.pl\/index.php?rest_route=\/wp\/v2\/media\/14654"}],"wp:attachment":[{"href":"https:\/\/zss1.szczecin.pl\/index.php?rest_route=%2Fwp%2Fv2%2Fmedia&parent=14655"}],"wp:term":[{"taxonomy":"category","embeddable":true,"href":"https:\/\/zss1.szczecin.pl\/index.php?rest_route=%2Fwp%2Fv2%2Fcategories&post=14655"},{"taxonomy":"post_tag","embeddable":true,"href":"https:\/\/zss1.szczecin.pl\/index.php?rest_route=%2Fwp%2Fv2%2Ftags&post=14655"}],"curies":[{"name":"wp","href":"https:\/\/api.w.org\/{rel}","templated":true}]}}